{"id":3097,"date":"2017-12-22T19:06:29","date_gmt":"2017-12-22T18:06:29","guid":{"rendered":"http:\/\/gym-anna.de\/wordpress\/?p=3097"},"modified":"2018-01-14T17:54:01","modified_gmt":"2018-01-14T16:54:01","slug":"weihnachtsfeier-im-servatiusstift","status":"publish","type":"post","link":"https:\/\/gym-anna.de\/wordpress\/?p=3097","title":{"rendered":"Weihnachtsfeier im Servatiusstift"},"content":{"rendered":"<p><a href=\"http:\/\/gym-anna.de\/wordpress\/wp-content\/uploads\/2017\/12\/k-Weihnachten-Servatiusstift.jpg\"><img loading=\"lazy\" decoding=\"async\" class=\"size-thumbnail wp-image-3098 alignleft\" src=\"http:\/\/gym-anna.de\/wordpress\/wp-content\/uploads\/2017\/12\/k-Weihnachten-Servatiusstift-150x150.jpg\" alt=\"\" width=\"150\" height=\"150\" srcset=\"https:\/\/gym-anna.de\/wordpress\/wp-content\/uploads\/2017\/12\/k-Weihnachten-Servatiusstift-150x150.jpg 150w, https:\/\/gym-anna.de\/wordpress\/wp-content\/uploads\/2017\/12\/k-Weihnachten-Servatiusstift-570x570.jpg 570w, https:\/\/gym-anna.de\/wordpress\/wp-content\/uploads\/2017\/12\/k-Weihnachten-Servatiusstift-380x380.jpg 380w, https:\/\/gym-anna.de\/wordpress\/wp-content\/uploads\/2017\/12\/k-Weihnachten-Servatiusstift-285x285.jpg 285w\" sizes=\"auto, (max-width: 150px) 100vw, 150px\" \/><\/a>Am Montag, den 18.12.2017, feierten wir, Julia Le Thanh, Laura Lokaj, Tanja Stevanovic, Isabel Reitmeier und Selina Feuchtgruber, im Rahmen unseres P-Seminars &#8218;Lesepaten&#8216; unter Leitung von Frau Renauer-Schnell, zusammen mit den Bewohnern des benachbarten Servatiusstifts Weihnachten. <span style=\"background-color: #99cc00;\"><!--more--><\/span><a href=\"http:\/\/gym-anna.de\/wordpress\/wp-content\/uploads\/2017\/12\/k-Weihnachten-Servatiusstift-2.jpg\"><img loading=\"lazy\" decoding=\"async\" class=\"size-thumbnail wp-image-3099 alignleft\" src=\"http:\/\/gym-anna.de\/wordpress\/wp-content\/uploads\/2017\/12\/k-Weihnachten-Servatiusstift-2-150x150.jpg\" alt=\"\" width=\"150\" height=\"150\" srcset=\"https:\/\/gym-anna.de\/wordpress\/wp-content\/uploads\/2017\/12\/k-Weihnachten-Servatiusstift-2-150x150.jpg 150w, https:\/\/gym-anna.de\/wordpress\/wp-content\/uploads\/2017\/12\/k-Weihnachten-Servatiusstift-2-570x570.jpg 570w, https:\/\/gym-anna.de\/wordpress\/wp-content\/uploads\/2017\/12\/k-Weihnachten-Servatiusstift-2-380x380.jpg 380w, https:\/\/gym-anna.de\/wordpress\/wp-content\/uploads\/2017\/12\/k-Weihnachten-Servatiusstift-2-285x285.jpg 285w\" sizes=\"auto, (max-width: 150px) 100vw, 150px\" \/><\/a>Wir tranken zusammen Kaffee, a\u00dfen Kuchen, erz\u00e4hlten Geschichten und sangen gemeinsam Weihnachtslieder. Unterst\u00fctzt wurden wir dabei von unserer Musiklehrerin, Pamela Rachel, und Vinzenz L\u00f6ffel aus der Klasse 8a. Es war ein sehr gelungener Nachmittag und sowohl wir als auch die Senioren\/-innen hatten gro\u00dfen Spa\u00df! Wir freuen uns darauf, auch n\u00e4chstes Jahr wieder eine solche Weihnachtsfeier organisieren zu d\u00fcrfen.<\/p>\n<p>(Selina Feuchtgruber, Q 11)<\/p>\n","protected":false},"excerpt":{"rendered":"<p>Am Montag, den 18.12.2017, feierten wir, Julia Le Thanh, Laura Lokaj, Tanja Stevanovic, Isabel Reitmeier und Selina Feuchtgruber, im Rahmen unseres P-Seminars &#8218;Lesepaten&#8216; unter Leitung von Frau Renauer-Schnell, zusammen mit den Bewohnern des benachbarten Servatiusstifts Weihnachten.<\/p>\n","protected":false},"author":4,"featured_media":0,"comment_status":"closed","ping_status":"closed","sticky":false,"template":"","format":"standard","meta":{"footnotes":""},"categories":[12],"tags":[],"class_list":["post-3097","post","type-post","status-publish","format-standard","hentry","category-aktuell"],"_links":{"self":[{"href":"https:\/\/gym-anna.de\/wordpress\/index.php?rest_route=\/wp\/v2\/posts\/3097","targetHints":{"allow":["GET"]}}],"collection":[{"href":"https:\/\/gym-anna.de\/wordpress\/index.php?rest_route=\/wp\/v2\/posts"}],"about":[{"href":"https:\/\/gym-anna.de\/wordpress\/index.php?rest_route=\/wp\/v2\/types\/post"}],"author":[{"embeddable":true,"href":"https:\/\/gym-anna.de\/wordpress\/index.php?rest_route=\/wp\/v2\/users\/4"}],"replies":[{"embeddable":true,"href":"https:\/\/gym-anna.de\/wordpress\/index.php?rest_route=%2Fwp%2Fv2%2Fcomments&post=3097"}],"version-history":[{"count":2,"href":"https:\/\/gym-anna.de\/wordpress\/index.php?rest_route=\/wp\/v2\/posts\/3097\/revisions"}],"predecessor-version":[{"id":3185,"href":"https:\/\/gym-anna.de\/wordpress\/index.php?rest_route=\/wp\/v2\/posts\/3097\/revisions\/3185"}],"wp:attachment":[{"href":"https:\/\/gym-anna.de\/wordpress\/index.php?rest_route=%2Fwp%2Fv2%2Fmedia&parent=3097"}],"wp:term":[{"taxonomy":"category","embeddable":true,"href":"https:\/\/gym-anna.de\/wordpress\/index.php?rest_route=%2Fwp%2Fv2%2Fcategories&post=3097"},{"taxonomy":"post_tag","embeddable":true,"href":"https:\/\/gym-anna.de\/wordpress\/index.php?rest_route=%2Fwp%2Fv2%2Ftags&post=3097"}],"curies":[{"name":"wp","href":"https:\/\/api.w.org\/{rel}","templated":true}]}}