{"id":3059,"date":"2017-12-20T10:27:35","date_gmt":"2017-12-20T09:27:35","guid":{"rendered":"http:\/\/gym-anna.de\/wordpress\/?p=3059"},"modified":"2017-12-20T10:27:35","modified_gmt":"2017-12-20T09:27:35","slug":"vorweihnachtlicher-kontrapunkt-feierstunde-zum-reformationsjubilaeum","status":"publish","type":"post","link":"https:\/\/gym-anna.de\/wordpress\/?p=3059","title":{"rendered":"Vorweihnachtlicher Kontrapunkt: Feierstunde zum Reformationsjubil\u00e4um"},"content":{"rendered":"<p><a href=\"http:\/\/gym-anna.de\/wordpress\/wp-content\/uploads\/2017\/12\/IMG_1139-Medium.jpg\"><img loading=\"lazy\" decoding=\"async\" class=\"size-thumbnail wp-image-3060 alignleft\" src=\"http:\/\/gym-anna.de\/wordpress\/wp-content\/uploads\/2017\/12\/IMG_1139-Medium-150x150.jpg\" alt=\"\" width=\"150\" height=\"150\" srcset=\"https:\/\/gym-anna.de\/wordpress\/wp-content\/uploads\/2017\/12\/IMG_1139-Medium-150x150.jpg 150w, https:\/\/gym-anna.de\/wordpress\/wp-content\/uploads\/2017\/12\/IMG_1139-Medium-570x570.jpg 570w, https:\/\/gym-anna.de\/wordpress\/wp-content\/uploads\/2017\/12\/IMG_1139-Medium-380x380.jpg 380w, https:\/\/gym-anna.de\/wordpress\/wp-content\/uploads\/2017\/12\/IMG_1139-Medium-285x285.jpg 285w\" sizes=\"auto, (max-width: 150px) 100vw, 150px\" \/><\/a>Unser diesj\u00e4hriges Weihnachtskonzert fand wieder am \u201aUrsprung\u2018 unserer Schule, in der St. Anna-Kirche statt, deren Lutherstiege schon namentlich an den Reformator erinnert. Musikst\u00fccke und Texte der Feierstunde waren auf 500 Jahre Reformation, aber auch auf die Schulgeschichte abgestimmt (z.B. mit einer Motette Adam Gumpelzheimers, eines Kantors und Lehrers an der einstigen Lateinschule, von 1614 einerseits, mit einem Auszug aus der Luther-Predigt zum 3. Advent von 1523 andererseits) und luden das Publikum mitten im Adventstrubel ein innezuhalten. <span style=\"background-color: #99cc00;\"><!--more--><\/span><a href=\"http:\/\/gym-anna.de\/wordpress\/wp-content\/uploads\/2017\/12\/IMG_1162-Medium.jpg\"><img loading=\"lazy\" decoding=\"async\" class=\"size-thumbnail wp-image-3061 alignleft\" src=\"http:\/\/gym-anna.de\/wordpress\/wp-content\/uploads\/2017\/12\/IMG_1162-Medium-150x150.jpg\" alt=\"\" width=\"150\" height=\"150\" srcset=\"https:\/\/gym-anna.de\/wordpress\/wp-content\/uploads\/2017\/12\/IMG_1162-Medium-150x150.jpg 150w, https:\/\/gym-anna.de\/wordpress\/wp-content\/uploads\/2017\/12\/IMG_1162-Medium-570x570.jpg 570w, https:\/\/gym-anna.de\/wordpress\/wp-content\/uploads\/2017\/12\/IMG_1162-Medium-380x380.jpg 380w, https:\/\/gym-anna.de\/wordpress\/wp-content\/uploads\/2017\/12\/IMG_1162-Medium-285x285.jpg 285w\" sizes=\"auto, (max-width: 150px) 100vw, 150px\" \/><\/a>Und als s\u00e4mtliche Ch\u00f6re \u2013 Unter-, Mittel- und Oberstufenchor sowie Wahlunterricht Gesang \u2013, begleitet vom Instrumentalensemble (Solistin an der Orgel: Carla Dittrich, Q 11), Martin Luthers Weihnachtslied \u201eVom Himmel hoch, da komm ich her\u201c anstimmten, war das, was \u201adas Anna\u2018 ausmacht, auch sichtbar: Dass Sch\u00fcler\/-innen, Lehrkr\u00e4fte, Ehemalige\u00a0und Schulleiter gemeinsam mit den Familien singen und spielen, verk\u00f6rpert unsere Schulgemeinschaft, wie Herr Schwertschlager in seinem abschlie\u00dfenden Gru\u00dfwort betonte. Das Publikum war beeindruckt von der im Konzert aufgebotenen Leistung und Qualit\u00e4t der Instrumentalisten, sei es bei Johann Joseph Fux\u2018 barocker Suite F-Dur (f\u00fcr Blechbl\u00e4ser) oder bei Erland von Kochs modernem Monolog Nr. 4 f\u00fcr Altsaxophon (Solist: Maxim Bode, Q 12). Aber auch die Gesangseinlage von Unterstufenchor und Ganztagsklassen (5 g, 6 g), die das Mottolied der ELKB zum Reformationsjubil\u00e4um beschwingt vortrugen, begeisterte die Besucher\/-innen.<\/p>\n<p>Das hochkar\u00e4tige musikalische Programm verdankt sich der Fachschaft Musik, vertreten durch Frau Ballinger-Amtmann, Frau Rachel und Herrn Neuburger; die besinnlichen Texte stellten dankenswerter Weise Stephan Mayr und Florian Fischer zusammen (f\u00fcr die Fachschaften Religion, Deutsch und Geschichte). Besonderer Dank gilt au\u00dferdem: Herrn Raczkowsky f\u00fcr Koordination und Organisation des Abends, allen Vortragenden und Mitwirkenden sowie der St. Anna-Kirche f\u00fcr ihre Gastfreundschaft.<\/p>\n<p>Frohe Weihnachtsfeiertage der gesamten Schulfamilie!<\/p>\n<p>(Dr. Sandra Schwarz)<\/p>\n","protected":false},"excerpt":{"rendered":"<p>Unser diesj\u00e4hriges Weihnachtskonzert fand wieder am \u201aUrsprung\u2018 unserer Schule, in der St. Anna-Kirche statt, deren Lutherstiege schon namentlich an den Reformator erinnert. Musikst\u00fccke und Texte der Feierstunde waren auf 500 Jahre Reformation, aber auch auf die Schulgeschichte abgestimmt (z.B. mit einer Motette Adam Gumpelzheimers, eines Kantors und Lehrers an der einstigen Lateinschule, von 1614 einerseits, [&hellip;]<\/p>\n","protected":false},"author":4,"featured_media":0,"comment_status":"closed","ping_status":"closed","sticky":false,"template":"","format":"standard","meta":{"footnotes":""},"categories":[12],"tags":[],"class_list":["post-3059","post","type-post","status-publish","format-standard","hentry","category-aktuell"],"_links":{"self":[{"href":"https:\/\/gym-anna.de\/wordpress\/index.php?rest_route=\/wp\/v2\/posts\/3059","targetHints":{"allow":["GET"]}}],"collection":[{"href":"https:\/\/gym-anna.de\/wordpress\/index.php?rest_route=\/wp\/v2\/posts"}],"about":[{"href":"https:\/\/gym-anna.de\/wordpress\/index.php?rest_route=\/wp\/v2\/types\/post"}],"author":[{"embeddable":true,"href":"https:\/\/gym-anna.de\/wordpress\/index.php?rest_route=\/wp\/v2\/users\/4"}],"replies":[{"embeddable":true,"href":"https:\/\/gym-anna.de\/wordpress\/index.php?rest_route=%2Fwp%2Fv2%2Fcomments&post=3059"}],"version-history":[{"count":1,"href":"https:\/\/gym-anna.de\/wordpress\/index.php?rest_route=\/wp\/v2\/posts\/3059\/revisions"}],"predecessor-version":[{"id":3062,"href":"https:\/\/gym-anna.de\/wordpress\/index.php?rest_route=\/wp\/v2\/posts\/3059\/revisions\/3062"}],"wp:attachment":[{"href":"https:\/\/gym-anna.de\/wordpress\/index.php?rest_route=%2Fwp%2Fv2%2Fmedia&parent=3059"}],"wp:term":[{"taxonomy":"category","embeddable":true,"href":"https:\/\/gym-anna.de\/wordpress\/index.php?rest_route=%2Fwp%2Fv2%2Fcategories&post=3059"},{"taxonomy":"post_tag","embeddable":true,"href":"https:\/\/gym-anna.de\/wordpress\/index.php?rest_route=%2Fwp%2Fv2%2Ftags&post=3059"}],"curies":[{"name":"wp","href":"https:\/\/api.w.org\/{rel}","templated":true}]}}